[{"@context":"https:\/\/schema.org\/","@type":"Article","@id":"https:\/\/www.portimex.cz\/cestovani-jako-konicek\/#Article","mainEntityOfPage":"https:\/\/www.portimex.cz\/cestovani-jako-konicek\/","headline":"Cestov\u00e1n\u00ed jako kon\u00ed\u010dek","name":"Cestov\u00e1n\u00ed jako kon\u00ed\u010dek","description":"Na sv\u011bt\u011b je toho k&nbsp;vid\u011bn\u00ed tolik, \u017ee ani za \u017eivot nestihneme v\u0161echno nav\u0161t\u00edvit. Zn\u00e1m spoustu lid\u00ed, kte\u0159\u00ed cestov\u00e1n\u00ed nade v\u0161e miluj\u00ed. N\u011bkdo r\u00e1d cestuje po \u010cesk\u00e9 republice. A pro\u010d vlastn\u011b taky ne, \u017ee? Na\u0161e zem\u011b je kr\u00e1sn\u00e1, najdete tu hory i n\u00ed\u017einy. Tud\u00ed\u017e nen\u00ed probl\u00e9m jet v&nbsp;zim\u011b ly\u017eovat a v&nbsp;l\u00e9t\u011b se koupat. Pam\u00e1tek tu m\u00e1me [&hellip;]","datePublished":"2020-02-27","dateModified":"2023-05-19","author":{"@type":"Person","@id":"https:\/\/www.portimex.cz\/author\/#Person","name":"","url":"https:\/\/www.portimex.cz\/author\/","identifier":1,"image":{"@type":"ImageObject","@id":"https:\/\/secure.gravatar.com\/avatar\/0ee2b6192cd06dcea0b65614729a0b10cafbccdb71fa9a5d2ca8d0d37da5c054?s=96&d=mm&r=g","url":"https:\/\/secure.gravatar.com\/avatar\/0ee2b6192cd06dcea0b65614729a0b10cafbccdb71fa9a5d2ca8d0d37da5c054?s=96&d=mm&r=g","height":96,"width":96}},"publisher":{"@type":"Organization","name":"portimex.cz","logo":{"@type":"ImageObject","@id":"\/logo.png","url":"\/logo.png","width":600,"height":60}},"image":{"@type":"ImageObject","@id":"https:\/\/www.portimex.cz\/wp-content\/uploads\/img_a370954_w3140_t1582617845.jpg","url":"https:\/\/www.portimex.cz\/wp-content\/uploads\/img_a370954_w3140_t1582617845.jpg","height":0,"width":0},"url":"https:\/\/www.portimex.cz\/cestovani-jako-konicek\/","about":["Cestov\u00e1n\u00ed"],"wordCount":483,"articleBody":"Na sv\u011bt\u011b je toho k&nbsp;vid\u011bn\u00ed tolik, \u017ee ani za \u017eivot nestihneme v\u0161echno nav\u0161t\u00edvit. Zn\u00e1m spoustu lid\u00ed, kte\u0159\u00ed cestov\u00e1n\u00ed nade v\u0161e miluj\u00ed.\tN\u011bkdo r\u00e1d cestuje po \u010cesk\u00e9 republice. A pro\u010d vlastn\u011b taky ne, \u017ee? Na\u0161e zem\u011b je kr\u00e1sn\u00e1, najdete tu hory i n\u00ed\u017einy. Tud\u00ed\u017e nen\u00ed probl\u00e9m jet v&nbsp;zim\u011b ly\u017eovat a v&nbsp;l\u00e9t\u011b se koupat. Pam\u00e1tek tu m\u00e1me tak\u00e9 po\u017eehnan\u011b. Nespo\u010det hrad\u016f, z\u00e1mk\u016f, z\u0159\u00edcenin, a dokonce i propast. Sv\u00e9 \u00fato\u010di\u0161t\u011b tu naleznou i vod\u00e1ci, i kdy\u017e n\u011bkdy je probl\u00e9m s&nbsp;malou hloubkou v&nbsp;\u0159ece kv\u016fli suchu. Tot\u00e9\u017e plat\u00ed i o sn\u011bhu, letos ho je obzvl\u00e1\u0161\u0165 m\u00e1lo, ale kdo chce ly\u017eovat, vysta\u010d\u00ed si i s&nbsp;um\u011bl\u00fdm. Sv\u00e9 zasl\u00edben\u00ed zde najdou i cyklist\u00e9 a turisti. V\u00edte kolik lid\u00ed ji\u017e vy\u0161lo p\u011b\u0161ky na na\u0161i nejvy\u0161\u0161\u00ed horu Sn\u011b\u017eku?\t\tCestov\u00e1n\u00ed po Evrop\u011b zvl\u00e1\u0161\u0165 k&nbsp;na\u0161im soused\u016fm je velice obl\u00edben\u00e9. Jedete vlastn\u011b jen p\u00e1r hodin a jste ji\u017e v&nbsp;jin\u00e9m st\u00e1t\u011b. Pol\u00e1ci i N\u011bmci maj\u00ed i mo\u0159e. V\u011bt\u0161inu roku je v\u0161ak studen\u00e9, ale nic nebr\u00e1n\u00ed proj\u00ed\u017e\u010fce na lodi. Do Rakouska na po\u0159\u00e1dnou ly\u017eova\u010dku do Alp a na Slovensko do term\u00e1ln\u00edch l\u00e1zn\u00ed \u010di do Tater.\tV&nbsp;l\u00e9t\u011b jako obl\u00edben\u00e9 dovolenk\u00e1\u0159sk\u00e9 st\u00e1ty b\u00fdv\u00e1 ozna\u010dov\u00e1no Bulharsko, \u0158ecko, Chorvatsko nebo \u0160pan\u011blsko. Do Chorvatska jezd\u00ed ro\u010dn\u011b n\u011bkolik tis\u00edc \u010cech\u016f. V\u00fdhodou je levn\u011bj\u0161\u00ed dovolen\u00e1 u mo\u0159e. Pr\u00e1v\u011b k&nbsp;levn\u011bj\u0161\u00edm st\u00e1t\u016fm pat\u0159\u00ed i Bulharsko nebo \u0158ecko. Tam v\u0161ak lep\u0161\u00ed ji\u017e leteck\u00e1 doprava. \u0160pan\u011blsko, Portugalsko nebo It\u00e1lie nab\u00edz\u00ed krom\u011b mo\u0159e i plno pam\u00e1tek. Bohu\u017eel v&nbsp;l\u00e9t\u011b je turisti opom\u00edjej\u00ed kv\u016fli vysok\u00fdm venkovn\u00edm teplot\u00e1m.\tNaopak druh\u00fdm extr\u00e9mem b\u00fdvaj\u00ed st\u00e1ty seversk\u00e9. V&nbsp;l\u00e9t\u011b to na koup\u00e1n\u00ed v&nbsp;mo\u0159i rozhodn\u011b nen\u00ed a v&nbsp;zim\u011b mohou teploty dosahovat velice n\u00edzk\u00fdch teplot.\tSt\u00e1le obl\u00edben\u011bj\u0161\u00ed jsou i exotick\u00e9 destinace jako Dubaj, Egypt nebo Thajsko. Tak na tyto dovolen\u00e9 je t\u0159eba na\u0161et\u0159it o n\u011bkolik tis\u00edc v\u00edce. V\u011bt\u0161inou to v\u0161ak ale stoj\u00ed za to.\t\tA co si s&nbsp;sebou na cestu zabalit? Je to velice individu\u00e1ln\u00ed. Je t\u0159eba zv\u00e1\u017eit, na jak dlouho n\u011bkam cestuji, \u010d\u00edm a s&nbsp;k\u00fdm cestuji, co v\u0161e m\u00e1m v&nbsp;cen\u011b a co budu muset dokoupit na m\u00edst\u011b. To se t\u00fdk\u00e1 tak\u00e9 dostate\u010dn\u00e9 hotovosti v&nbsp;m\u00edstn\u00ed m\u011bn\u011b.                                                                                                                                                                                                                                                                                                                                                                                        5\/5 - (3 votes)        "},{"@context":"https:\/\/schema.org\/","@type":"BreadcrumbList","itemListElement":[{"@type":"ListItem","position":1,"name":"Cestov\u00e1n\u00ed jako kon\u00ed\u010dek","item":"https:\/\/www.portimex.cz\/cestovani-jako-konicek\/#breadcrumbitem"}]}]