{"@context":"https:\/\/schema.org\/","@type":"CollectionPage","@id":"https:\/\/www.portimex.cz\/dum-a-zahrada\/#CollectionPage","headline":"D\u016fm a zahrada Category","description":"","url":"https:\/\/www.portimex.cz\/dum-a-zahrada\/","hasPart":[{"@type":"Article","@id":"https:\/\/www.portimex.cz\/ale-chcete-skutecne-novy-a-moderni\/","headline":"Ale chcete skute\u010dn\u011b nov\u00fd a modern\u00ed","url":"https:\/\/www.portimex.cz\/ale-chcete-skutecne-novy-a-moderni\/","datePublished":"2025-04-13","dateModified":"2025-04-13","mainEntityOfPage":"https:\/\/www.portimex.cz\/ale-chcete-skutecne-novy-a-moderni\/","author":{"@type":"Person","@id":"https:\/\/www.portimex.cz\/author\/#Person","name":"","url":"https:\/\/www.portimex.cz\/author\/","identifier":1,"image":{"@type":"ImageObject","@id":"https:\/\/secure.gravatar.com\/avatar\/0ee2b6192cd06dcea0b65614729a0b10cafbccdb71fa9a5d2ca8d0d37da5c054?s=96&d=mm&r=g","url":"https:\/\/secure.gravatar.com\/avatar\/0ee2b6192cd06dcea0b65614729a0b10cafbccdb71fa9a5d2ca8d0d37da5c054?s=96&d=mm&r=g","height":96,"width":96}},"publisher":{"@type":"Organization","name":"portimex.cz","logo":{"@type":"ImageObject","@id":"\/logo.png","url":"\/logo.png","width":600,"height":60}},"image":{"@type":"ImageObject","@id":"https:\/\/www.portimex.cz\/wp-content\/uploads\/house-7361215_640_10_2.jpg","url":"https:\/\/www.portimex.cz\/wp-content\/uploads\/house-7361215_640_10_2.jpg","height":0,"width":0},"keywords":null},{"@type":"Article","@id":"https:\/\/www.portimex.cz\/zimni-zahrada\/","headline":"Zimn\u00ed zahrada","url":"https:\/\/www.portimex.cz\/zimni-zahrada\/","datePublished":"2024-08-29","dateModified":"2024-08-29","mainEntityOfPage":"https:\/\/www.portimex.cz\/zimni-zahrada\/","author":{"@type":"Person","@id":"https:\/\/www.portimex.cz\/author\/#Person","name":"","url":"https:\/\/www.portimex.cz\/author\/","identifier":1,"image":{"@type":"ImageObject","@id":"https:\/\/secure.gravatar.com\/avatar\/0ee2b6192cd06dcea0b65614729a0b10cafbccdb71fa9a5d2ca8d0d37da5c054?s=96&d=mm&r=g","url":"https:\/\/secure.gravatar.com\/avatar\/0ee2b6192cd06dcea0b65614729a0b10cafbccdb71fa9a5d2ca8d0d37da5c054?s=96&d=mm&r=g","height":96,"width":96}},"publisher":{"@type":"Organization","name":"portimex.cz","logo":{"@type":"ImageObject","@id":"\/logo.png","url":"\/logo.png","width":600,"height":60}},"image":{"@type":"ImageObject","@id":"https:\/\/www.portimex.cz\/wp-content\/uploads\/snow-6993446_640.jpg","url":"https:\/\/www.portimex.cz\/wp-content\/uploads\/snow-6993446_640.jpg","height":0,"width":0},"keywords":null},{"@type":"Article","@id":"https:\/\/www.portimex.cz\/osvetleni-zahrady\/","headline":"Osv\u011btlen\u00ed zahrady","url":"https:\/\/www.portimex.cz\/osvetleni-zahrady\/","datePublished":"2022-03-21","dateModified":"2023-05-19","mainEntityOfPage":"https:\/\/www.portimex.cz\/osvetleni-zahrady\/","author":{"@type":"Person","@id":"https:\/\/www.portimex.cz\/author\/#Person","name":"","url":"https:\/\/www.portimex.cz\/author\/","identifier":1,"image":{"@type":"ImageObject","@id":"https:\/\/secure.gravatar.com\/avatar\/0ee2b6192cd06dcea0b65614729a0b10cafbccdb71fa9a5d2ca8d0d37da5c054?s=96&d=mm&r=g","url":"https:\/\/secure.gravatar.com\/avatar\/0ee2b6192cd06dcea0b65614729a0b10cafbccdb71fa9a5d2ca8d0d37da5c054?s=96&d=mm&r=g","height":96,"width":96}},"publisher":{"@type":"Organization","name":"portimex.cz","logo":{"@type":"ImageObject","@id":"\/logo.png","url":"\/logo.png","width":600,"height":60}},"image":{"@type":"ImageObject","@id":"https:\/\/www.portimex.cz\/wp-content\/uploads\/eura%20centy_10_2.jpg","url":"https:\/\/www.portimex.cz\/wp-content\/uploads\/eura%20centy_10_2.jpg","height":0,"width":0},"keywords":null},{"@type":"Article","@id":"https:\/\/www.portimex.cz\/pekna-zahrada\/","headline":"P\u011bkn\u00e1 zahrada","url":"https:\/\/www.portimex.cz\/pekna-zahrada\/","datePublished":"2022-02-23","dateModified":"2023-05-19","mainEntityOfPage":"https:\/\/www.portimex.cz\/pekna-zahrada\/","author":{"@type":"Person","@id":"https:\/\/www.portimex.cz\/author\/#Person","name":"","url":"https:\/\/www.portimex.cz\/author\/","identifier":1,"image":{"@type":"ImageObject","@id":"https:\/\/secure.gravatar.com\/avatar\/0ee2b6192cd06dcea0b65614729a0b10cafbccdb71fa9a5d2ca8d0d37da5c054?s=96&d=mm&r=g","url":"https:\/\/secure.gravatar.com\/avatar\/0ee2b6192cd06dcea0b65614729a0b10cafbccdb71fa9a5d2ca8d0d37da5c054?s=96&d=mm&r=g","height":96,"width":96}},"publisher":{"@type":"Organization","name":"portimex.cz","logo":{"@type":"ImageObject","@id":"\/logo.png","url":"\/logo.png","width":600,"height":60}},"image":{"@type":"ImageObject","@id":"https:\/\/www.portimex.cz\/wp-content\/uploads\/pool-g057702924_640.jpg","url":"https:\/\/www.portimex.cz\/wp-content\/uploads\/pool-g057702924_640.jpg","height":0,"width":0},"keywords":null},{"@type":"Article","@id":"https:\/\/www.portimex.cz\/pripravte-se-na-jaro\/","headline":"P\u0159ipravte se na jaro","url":"https:\/\/www.portimex.cz\/pripravte-se-na-jaro\/","datePublished":"2020-02-01","dateModified":"2023-05-19","mainEntityOfPage":"https:\/\/www.portimex.cz\/pripravte-se-na-jaro\/","author":{"@type":"Person","@id":"https:\/\/www.portimex.cz\/author\/#Person","name":"","url":"https:\/\/www.portimex.cz\/author\/","identifier":1,"image":{"@type":"ImageObject","@id":"https:\/\/secure.gravatar.com\/avatar\/0ee2b6192cd06dcea0b65614729a0b10cafbccdb71fa9a5d2ca8d0d37da5c054?s=96&d=mm&r=g","url":"https:\/\/secure.gravatar.com\/avatar\/0ee2b6192cd06dcea0b65614729a0b10cafbccdb71fa9a5d2ca8d0d37da5c054?s=96&d=mm&r=g","height":96,"width":96}},"publisher":{"@type":"Organization","name":"portimex.cz","logo":{"@type":"ImageObject","@id":"\/logo.png","url":"\/logo.png","width":600,"height":60}},"image":{"@type":"ImageObject","@id":"https:\/\/www.portimex.cz\/wp-content\/uploads\/img_a370390_w3140_t1582089043.jpg","url":"https:\/\/www.portimex.cz\/wp-content\/uploads\/img_a370390_w3140_t1582089043.jpg","height":0,"width":0},"keywords":null}]}