[{"@context":"https:\/\/schema.org\/","@type":"Article","@id":"https:\/\/www.portimex.cz\/leto-si-zada-odvazne-barvy\/#Article","mainEntityOfPage":"https:\/\/www.portimex.cz\/leto-si-zada-odvazne-barvy\/","headline":"L\u00e9to si \u017e\u00e1d\u00e1 odv\u00e1\u017en\u00e9 barvy","name":"L\u00e9to si \u017e\u00e1d\u00e1 odv\u00e1\u017en\u00e9 barvy","description":"L\u00e9to je tu a tak je na \u010dase vyt\u00e1hnout ze sk\u0159\u00edn\u011b lehk\u00e9 kousky, kter\u00e9 byly cel\u00fd zbytek roku zahraban\u00e9 n\u011bkde vzadu, a ur\u010dit\u011b jste na n\u011b zapomn\u011bli. Samoz\u0159ejm\u011b je pot\u0159eba je nejd\u0159\u00edve zkontrolovat, abyste zjistili, zda v\u00e1m po\u0159\u00e1d je\u0161t\u011b sed\u00ed a nevy\u0161ly \u00fapln\u011b z&nbsp;m\u00f3dy. P\u0159em\u00fd\u0161leli jste ale n\u011bkdy nad t\u00edm, jak jsou barevn\u011b odli\u0161n\u00e9 od [&hellip;]","datePublished":"2019-06-12","dateModified":"2023-05-19","author":{"@type":"Person","@id":"https:\/\/www.portimex.cz\/author\/#Person","name":"","url":"https:\/\/www.portimex.cz\/author\/","identifier":1,"image":{"@type":"ImageObject","@id":"https:\/\/secure.gravatar.com\/avatar\/0ee2b6192cd06dcea0b65614729a0b10cafbccdb71fa9a5d2ca8d0d37da5c054?s=96&d=mm&r=g","url":"https:\/\/secure.gravatar.com\/avatar\/0ee2b6192cd06dcea0b65614729a0b10cafbccdb71fa9a5d2ca8d0d37da5c054?s=96&d=mm&r=g","height":96,"width":96}},"publisher":{"@type":"Organization","name":"portimex.cz","logo":{"@type":"ImageObject","@id":"\/logo.png","url":"\/logo.png","width":600,"height":60}},"image":{"@type":"ImageObject","@id":"https:\/\/www.portimex.cz\/wp-content\/uploads\/img_a348718_w2375_t1563630203.jpg","url":"https:\/\/www.portimex.cz\/wp-content\/uploads\/img_a348718_w2375_t1563630203.jpg","height":0,"width":0},"url":"https:\/\/www.portimex.cz\/leto-si-zada-odvazne-barvy\/","about":["Kr\u00e1sa"],"wordCount":456,"articleBody":"L\u00e9to je tu a tak je na \u010dase vyt\u00e1hnout ze sk\u0159\u00edn\u011b lehk\u00e9 kousky, kter\u00e9 byly cel\u00fd zbytek roku zahraban\u00e9 n\u011bkde vzadu, a ur\u010dit\u011b jste na n\u011b zapomn\u011bli. Samoz\u0159ejm\u011b je pot\u0159eba je nejd\u0159\u00edve zkontrolovat, abyste zjistili, zda v\u00e1m po\u0159\u00e1d je\u0161t\u011b sed\u00ed a nevy\u0161ly \u00fapln\u011b z&nbsp;m\u00f3dy. P\u0159em\u00fd\u0161leli jste ale n\u011bkdy nad t\u00edm, jak jsou barevn\u011b odli\u0161n\u00e9 od zimn\u00edho oble\u010den\u00ed?I kdy\u017e je kr\u00e1sn\u011b a venku sv\u00edt\u00ed slun\u00ed\u010dko, mnoho lid\u00ed kolem n\u00e1s st\u00e1le chod\u00ed v&nbsp;nev\u00fdrazn\u00fdch smutn\u00fdch barv\u00e1ch, jako je \u0161ed\u00e1, hn\u011bd\u00e1, r\u016fzn\u00e9 tmav\u00e9 barvy, ale hlavn\u011b \u010dern\u00e1. A nen\u00ed to trochu \u0161koda? Pro\u010d v&nbsp;l\u00e9t\u011b nezkusit barevn\u011bj\u0161\u00ed oble\u010den\u00ed, kter\u00e9 v\u00e1s rozz\u00e1\u0159\u00ed? V\u017edy\u0165 i v\u011bdci potvrdili, \u017ee barvy kolem n\u00e1s n\u00e1m zlep\u0161uj\u00ed n\u00e1ladu, a to p\u0159eci v\u0161ichni chceme.Zkuste se v&nbsp;l\u00e9t\u011b zam\u011b\u0159it na barvy, jako jsou zelen\u00e1, modr\u00e1, r\u016f\u017eov\u00e1, oran\u017eov\u00e1 nebo t\u0159eba \u017elut\u00e1. Z\u00e1rove\u0148 je zkou\u0161ejte kombinovat, a t\u00edm nen\u00ed my\u0161leno nap\u0159\u00edklad sv\u011btle modrou k&nbsp;tmav\u011b modr\u00e9. Vyzkou\u0161ejte kombinace, kter\u00e9 by v\u00e1s nikdy nenapadly a uvid\u00edte, jak se budete c\u00edtit sv\u011b\u017ee. Nap\u0159\u00edklad r\u016f\u017eov\u00e1 se \u017elutou v\u00e1s rozsv\u00edt\u00ed na d\u00e1lku, anebo zelen\u00e1 s&nbsp;oran\u017eovou.&nbsp; A nezapome\u0148te tak\u00e9 na boty a kabelku. Dnes ji\u017e neplat\u00ed, \u017ee mus\u00ed ladit k&nbsp;celkov\u00e9mu outfitu. Projd\u011bte, co m\u00e1te doma a vezm\u011bte si t\u0159eba kabelku nebo boty v&nbsp;\u00fapln\u011b jin\u00e9 barv\u011b, ne\u017e m\u00e1te oble\u010den\u00ed.A co dal\u0161\u00ed dopl\u0148ky? Krom\u011b hodinek, n\u00e1ramk\u016f a n\u00e1hrdeln\u00edk\u016f m\u016f\u017eete vyzkou\u0161et t\u0159eba \u010delenky do vlas\u016f, kter\u00e9 se d\u011blaj\u00ed v&nbsp;r\u016fzn\u00fdch proveden\u00edch, nap\u0159\u00edklad s&nbsp;kyti\u010dkami. K&nbsp;\u010delence m\u016f\u017eete zvolit t\u0159eba stejn\u00fd n\u00e1ramek v&nbsp;letn\u00edm designu.Cokoliv v\u00e1s napadne, zkombinujte, v\u017edycky se m\u016f\u017eete vr\u00e1tit k&nbsp;p\u016fvodn\u00edmu oble\u010den\u00ed. Byla by ale \u0161koda chodit v&nbsp;proslun\u011bn\u00fdch dnech, jako \u0161ed\u00e1 my\u0161ka bez kapky fantazie a proto nev\u00e1hejte a zkou\u0161ejte nov\u00e9 a nov\u00e9 variace. A hlavn\u011b nezapome\u0148te, \u017ee nen\u00ed d\u016fle\u017eit\u00e9, co se zrovna aktu\u00e1ln\u011b nos\u00ed, ale co je v\u00e1m pohodln\u00e9 a vy se v&nbsp;tom c\u00edt\u00edte dob\u0159e. A pokud se okol\u00ed n\u011bco nel\u00edb\u00ed, prost\u011b si ho nev\u0161\u00edmejte a bu\u010fte spokojen\u00ed s&nbsp;va\u0161\u00edm v\u00fdb\u011brem, za kter\u00fdm si stoj\u00edte.                                                                                                                                                                                                                                                                                                                                                                                        3.6\/5 - (7 votes)        "},{"@context":"https:\/\/schema.org\/","@type":"BreadcrumbList","itemListElement":[{"@type":"ListItem","position":1,"name":"L\u00e9to si \u017e\u00e1d\u00e1 odv\u00e1\u017en\u00e9 barvy","item":"https:\/\/www.portimex.cz\/leto-si-zada-odvazne-barvy\/#breadcrumbitem"}]}]