[{"@context":"https:\/\/schema.org\/","@type":"Article","@id":"https:\/\/www.portimex.cz\/pekna-zahrada\/#Article","mainEntityOfPage":"https:\/\/www.portimex.cz\/pekna-zahrada\/","headline":"P\u011bkn\u00e1 zahrada","name":"P\u011bkn\u00e1 zahrada","description":"D\u016fm a zahrada\u00a0je\u00a0opravdu v\u011b\u010dn\u00e9 a nekone\u010dn\u00e9 t\u00e9ma. V\u00edm to sama moc dob\u0159e, proto\u017ee\u00a0m\u016fj\u00a0otec\u00a0je\u00a0zahradn\u00ed\u00a0architekt a je\u00a0to\u00a0doma n\u011bkdy docela peklo, kdy\u017e otec d\u011bl\u00e1\u00a0n\u011bjak\u00e9\u00a0p\u0159edn\u00e1\u0161ky o zahrad\u011b. Nem\u00e1\u00a0toti\u017e\u00a0r\u00e1d, kdy\u017e mu\u00a0\u0161lapeme\u00a0po jeho\u00a0dokonal\u00e9m tr\u00e1vn\u00edku. Ale\u00a0v\u017edy\u0165\u00a0je to zahrada, tak kde se\u00a0m\u00e1me\u00a0proch\u00e1zet a relaxovat, kdy\u017e ne na\u00a0na\u0161\u00ed\u00a0zahrad\u011b\u00a0a na\u0161em\u00a0tr\u00e1vn\u00edku? Byla jsem z\u00a0toho\u00a0v\u017edy velmi nesv\u00e1, proto\u017ee mi to v\u017edy p\u0159i\u0161lo velmi absurdn\u00ed. Jen\u017ee otec to [&hellip;]","datePublished":"2022-02-23","dateModified":"2023-05-19","author":{"@type":"Person","@id":"https:\/\/www.portimex.cz\/author\/#Person","name":"","url":"https:\/\/www.portimex.cz\/author\/","identifier":1,"image":{"@type":"ImageObject","@id":"https:\/\/secure.gravatar.com\/avatar\/0ee2b6192cd06dcea0b65614729a0b10cafbccdb71fa9a5d2ca8d0d37da5c054?s=96&d=mm&r=g","url":"https:\/\/secure.gravatar.com\/avatar\/0ee2b6192cd06dcea0b65614729a0b10cafbccdb71fa9a5d2ca8d0d37da5c054?s=96&d=mm&r=g","height":96,"width":96}},"publisher":{"@type":"Organization","name":"portimex.cz","logo":{"@type":"ImageObject","@id":"\/logo.png","url":"\/logo.png","width":600,"height":60}},"image":{"@type":"ImageObject","@id":"https:\/\/www.portimex.cz\/wp-content\/uploads\/pool-g057702924_640.jpg","url":"https:\/\/www.portimex.cz\/wp-content\/uploads\/pool-g057702924_640.jpg","height":0,"width":0},"url":"https:\/\/www.portimex.cz\/pekna-zahrada\/","about":["D\u016fm a zahrada"],"wordCount":458,"articleBody":"D\u016fm a zahrada\u00a0je\u00a0opravdu v\u011b\u010dn\u00e9 a nekone\u010dn\u00e9 t\u00e9ma. V\u00edm to sama moc dob\u0159e, proto\u017ee\u00a0m\u016fj\u00a0otec\u00a0je\u00a0zahradn\u00ed\u00a0architekt a je\u00a0to\u00a0doma n\u011bkdy docela peklo, kdy\u017e otec d\u011bl\u00e1\u00a0n\u011bjak\u00e9\u00a0p\u0159edn\u00e1\u0161ky o zahrad\u011b. Nem\u00e1\u00a0toti\u017e\u00a0r\u00e1d, kdy\u017e mu\u00a0\u0161lapeme\u00a0po jeho\u00a0dokonal\u00e9m tr\u00e1vn\u00edku. Ale\u00a0v\u017edy\u0165\u00a0je to zahrada, tak kde se\u00a0m\u00e1me\u00a0proch\u00e1zet a relaxovat, kdy\u017e ne na\u00a0na\u0161\u00ed\u00a0zahrad\u011b\u00a0a na\u0161em\u00a0tr\u00e1vn\u00edku? Byla jsem z\u00a0toho\u00a0v\u017edy velmi nesv\u00e1, proto\u017ee mi to v\u017edy p\u0159i\u0161lo velmi absurdn\u00ed. Jen\u017ee otec to myslel v\u00e1\u017en\u011b a j\u00e1 s maminkou jsme m\u011bly sm\u016flu. Otec n\u00e1m vyhradil p\u016fl zahrady, kde si\u00a0m\u016f\u017eeme\u00a0d\u011blat co chceme,\u00a0zat\u00edmco\u00a0svou p\u016flku si ope\u010dov\u00e1val a fotil do r\u016fzn\u00fdch sout\u011b\u017e\u00ed. I kdy\u017e m\u011b otec s t\u00edm jeho dokonal\u00fdm tr\u00e1vn\u00edkem \u0161tval, tak zase jsme na n\u011bj byla py\u0161n\u00e1, \u017ee si splnil\u00a0sv\u016fj\u00a0sem b\u00fdt zahradn\u00edm\u00a0architektem\u00a0a\u00a0taky\u00a0je fakt, \u017ee jeho zahrada poka\u017ed\u00e9\u00a0vyhr\u00e1la\u00a0n\u011bjakou cenu. Ka\u017ed\u00fd rok je toti\u017e jin\u00e9 t\u00e9ma na dekoraci zahrady, tak\u017ee otec se o zahradu\u00a0star\u00e1\u00a0vlastn\u011b\u00a0nonstop.\u00a0N\u011bkdy\u00a0je\u00a0i t\u00e9ma zimn\u00ed zahrada, tak\u017ee nen\u00ed to o tom, \u017ee v zim\u011b se nech\u00e1\u00a0zahrada\u00a0ladem. Tady v\u00a0sout\u011b\u017e\u00edch\u00a0zahrad to v\u016fbec neplat\u00ed, tady se o zahradu mus\u00ed \u010dlov\u011bk starat st\u00e1le. A taky b\u00fdv\u00e1 tady t\u00e9ma d\u016fm a\u00a0a zahrada, tak\u017ee je v\u00e1m asi jasn\u00e9, jak takov\u00e1\u00a0synchronizace\u00a0detail\u016f mus\u00ed vypadat. V\u0161echno mus\u00ed b\u00fdt dokonal\u00e9 a \u010dist\u00e9, p\u0159esn\u011b tak jak\u00a0otec\u00a0chce.A nav\u00edc se tady vyvinula situace, a to docela vtipn\u00e1. Nast\u011bhoval se\u00a0k n\u00e1m\u00a0soused, kter\u00fd je shodou okolnost\u00ed taky architekt zahrada. Je to \u00fapln\u00fd nov\u00e1\u010dek, a tak otec se dmul\u00a0p\u00fdchou, \u017ee m\u016f\u017ee\u00a0n\u011bkomu\u00a0radit a d\u00e1vat mu svoje rady. Otec byl jako v\u00a0sedm\u00e9m\u00a0nebi. A tak chud\u00e1k soused byl denn\u011b\u00a0zasyp\u00e1v\u00e1n\u00a0radami, jak\u00a0pe\u010dovat\u00a0o d\u016fm a zahradu, a by v\u0161echno bylo dokonal\u00e9. A j\u00e1 jsem se ani nedivila, kdy\u017e to sousedovi u\u017e za\u010dalo l\u00e9zt na nervy. To\u00a0pak musel\u00a0a moje\u00a0m\u00e1ma to otci nen\u00e1padn\u011b\u00a0sd\u011blit, aby se neurazil. A samoz\u0159ejm\u011b, \u017ee se otec urazil! je hodn\u011b\u00a0ur\u00e1\u017eliv\u00fd. A\u00a0tak\u00a0nebylo\u00a0divu, \u017ee za dva roky se otec na\u00a0architekturu\u00a0dom\u016f a zahrad vyka\u0161lala, proto\u017ee nem\u011bl u sebe nikoho, koho by to tak moc bavilo jako ho.\u00a0                                                                                                                                                                                                                                                                                                                                                                                        4.4\/5 - (10 votes)        "},{"@context":"https:\/\/schema.org\/","@type":"BreadcrumbList","itemListElement":[{"@type":"ListItem","position":1,"name":"P\u011bkn\u00e1 zahrada","item":"https:\/\/www.portimex.cz\/pekna-zahrada\/#breadcrumbitem"}]}]