[{"@context":"https:\/\/schema.org\/","@type":"Article","@id":"https:\/\/www.portimex.cz\/posezeni-na-zahrade-bez-prace\/#Article","mainEntityOfPage":"https:\/\/www.portimex.cz\/posezeni-na-zahrade-bez-prace\/","headline":"Posezen\u00ed na zahrad\u011b bez pr\u00e1ce","name":"Posezen\u00ed na zahrad\u011b bez pr\u00e1ce","description":"Od jara do podzimu si posed\u011bt p\u011bkn\u011b pod st\u0159echou a na zimu zahradn\u00ed alt\u00e1n prost\u011b p\u0159ed nepohodou zabalit do ta\u0161ky. To je to prav\u00e9 \u0159e\u0161en\u00ed pro v\u0161echny, kdo se necht\u011bj\u00ed ka\u017ed\u00e9 jaro pachtit s nat\u00edr\u00e1n\u00edm a opravov\u00e1n\u00edm pevn\u011b zabudovan\u00e9ho zahradn\u00edho alt\u00e1nu. Krom\u011b toho v\u00e1m m\u016f\u017ee v\u00e1\u0161 sez\u00f3nn\u00ed alt\u00e1nek pomoci vyd\u011blat i n\u011bjak\u00e9 pen\u00edze. V\u0161echny tyto [&hellip;]","datePublished":"2018-12-24","dateModified":"2023-05-19","author":{"@type":"Person","@id":"https:\/\/www.portimex.cz\/author\/#Person","name":"","url":"https:\/\/www.portimex.cz\/author\/","identifier":1,"image":{"@type":"ImageObject","@id":"https:\/\/secure.gravatar.com\/avatar\/0ee2b6192cd06dcea0b65614729a0b10cafbccdb71fa9a5d2ca8d0d37da5c054?s=96&d=mm&r=g","url":"https:\/\/secure.gravatar.com\/avatar\/0ee2b6192cd06dcea0b65614729a0b10cafbccdb71fa9a5d2ca8d0d37da5c054?s=96&d=mm&r=g","height":96,"width":96}},"publisher":{"@type":"Organization","name":"portimex.cz","logo":{"@type":"ImageObject","@id":"\/logo.png","url":"\/logo.png","width":600,"height":60}},"image":{"@type":"ImageObject","@id":"https:\/\/www.portimex.cz\/wp-content\/uploads\/img_a333474_w1736_t1546855694.jpg","url":"https:\/\/www.portimex.cz\/wp-content\/uploads\/img_a333474_w1736_t1546855694.jpg","height":0,"width":0},"url":"https:\/\/www.portimex.cz\/posezeni-na-zahrade-bez-prace\/","about":["Zv\u00ed\u0159ata"],"wordCount":413,"articleBody":" Od jara do podzimu si posed\u011bt p\u011bkn\u011b pod st\u0159echou a na zimu zahradn\u00ed alt\u00e1n prost\u011b p\u0159ed nepohodou zabalit do ta\u0161ky. To je to prav\u00e9 \u0159e\u0161en\u00ed pro v\u0161echny, kdo se necht\u011bj\u00ed ka\u017ed\u00e9 jaro pachtit s nat\u00edr\u00e1n\u00edm a opravov\u00e1n\u00edm pevn\u011b zabudovan\u00e9ho zahradn\u00edho alt\u00e1nu. Krom\u011b toho v\u00e1m m\u016f\u017ee v\u00e1\u0161 sez\u00f3nn\u00ed alt\u00e1nek pomoci vyd\u011blat i n\u011bjak\u00e9 pen\u00edze. V\u0161echny tyto v\u00fdhody, a je\u0161t\u011b mnohem v\u00edce p\u0159in\u00e1\u0161ej\u00ed n\u016f\u017ekov\u00e9 stany.&#13; Jak by mohl p\u00e1rty stan vyd\u011bl\u00e1vat?&#13;&#13; D\u00edky konstruk\u010dn\u00edmu \u0159e\u0161en\u00ed disponuje velkou plochou, kter\u00e1 se d\u00e1 vyu\u017e\u00edt pro um\u00edst\u011bn\u00ed reklamy.&#13; &#13; &#13; A pokud m\u00e1te sami vlastn\u00ed firmu, pak nic nestoj\u00ed v cest\u011b tomu, aby informace o n\u00ed z\u00e1\u0159ily do v\u0161ech stran.&#13; Nejste podnikatelem, a p\u0159esto si \u0159\u00edk\u00e1te, \u017ee by nebylo \u0161patn\u00e9 stan n\u011bjak v\u00edce vyu\u017e\u00edt?&#13;&#13; Jestli\u017ee m\u00e1te zahradu na ru\u0161n\u011bj\u0161\u00edm m\u00edst\u011b, pak jist\u011b n\u011bkter\u00fd m\u00edstn\u00ed podnikatel r\u00e1d vyu\u017eije v\u00e1\u0161 \u201en\u016f\u017ekov\u00fd p\u00e1rty billboard\u201c. &#13; &#13; &#13; Neporaz\u00ed ho ani siln\u00fd v\u00edtr&#13; Ide\u00e1ln\u00edm \u0159e\u0161en\u00edm je n\u016f\u017ekov\u00fd stan \u0159ady Premium, kter\u00fd vyhovuje i nejn\u00e1ro\u010dn\u011bj\u0161\u00edm z\u00e1kazn\u00edk\u016fm. Je odoln\u00fd v\u016f\u010di de\u0161ti, slunci i siln\u011bj\u0161\u00edmu v\u011btru.&#13; Odol\u00e1 dokonce i v\u011btru, kter\u00fd m\u00e1 rychlost sto kilometr\u016f za hodinu.&#13; &#13; Spoje jsou nahrazeny hlin\u00edkov\u00fdmi, tud\u00ed\u017e maj\u00ed daleko v\u011bt\u0161\u00ed \u017eivotnost ne\u017eli konkuren\u010dn\u00ed plastov\u00e9. Konstrukce tak z\u00edskala na kvalit\u011b natolik, \u017ee se na ni vztahuje p\u011btilet\u00e1 z\u00e1ruka. Stany t\u00e9to \u0159ady zast\u0159en\u00ed plochu od dev\u00edti a\u017e do \u0161estat\u0159iceti metr\u016f \u010dtvere\u010dn\u00edch.&#13; Instalaci zvl\u00e1dne opravdu ka\u017ed\u00fd&#13; S instalac\u00ed t\u00e9to konstrukce nebudete m\u00edt \u017e\u00e1dn\u00fd probl\u00e9m. A to i p\u0159esto, \u017ee nejste p\u0159\u00edli\u0161 technicky zdatn\u00ed.&#13; Rychl\u00e9 p\u0159ipevn\u011bn\u00ed dopl\u0148kov\u00fdch profil\u016f je mo\u017en\u00e9 d\u00edky otvor\u016fm, kter\u00e9 se nach\u00e1zej\u00ed v doln\u00ed \u010d\u00e1sti nohou.&#13; &#13; Pru\u017eina schovan\u00e1 uvnit\u0159 sto\u017e\u00e1ru v\u00e1m pom\u016f\u017ee perfektn\u011b napnout st\u0159echu.&#13; &#13; Bo\u010dnice se pospojuj\u00ed pomoc\u00ed zip\u016f.&#13; &#13; Krom\u011b toho jsou i velice skladn\u00e9 a daj\u00ed se p\u0159ev\u00e1\u017eet ve speci\u00e1ln\u00edm obalu, kter\u00fd je v sad\u011b. Pro chladn\u011bj\u0161\u00ed jarn\u00ed a podzimn\u00ed ve\u010dery si m\u016f\u017eete do stanu instalovat topen\u00ed i osv\u011btlen\u00ed.                                                                                                                                                                                                                                                                                                                                                                                        3.9\/5 - (9 votes)        "},{"@context":"https:\/\/schema.org\/","@type":"BreadcrumbList","itemListElement":[{"@type":"ListItem","position":1,"name":"Posezen\u00ed na zahrad\u011b bez pr\u00e1ce","item":"https:\/\/www.portimex.cz\/posezeni-na-zahrade-bez-prace\/#breadcrumbitem"}]}]